{"id":11894,"date":"2023-01-11T13:45:06","date_gmt":"2023-01-11T18:45:06","guid":{"rendered":"https:\/\/nexdev.ca\/?p=11894"},"modified":"2023-01-11T13:45:06","modified_gmt":"2023-01-11T18:45:06","slug":"nexdev-accueille-une-nouvelle-ressource-dediee-a-la-coordination-du-service-aux-entreprises","status":"publish","type":"post","link":"https:\/\/nexdev.ca\/en\/nexdev-accueille-une-nouvelle-ressource-dediee-a-la-coordination-du-service-aux-entreprises\/","title":{"rendered":"NexDev accueille une nouvelle ressource d\u00e9di\u00e9e \u00e0 la coordination du service aux entreprises"},"content":{"rendered":"<p><strong>Saint-Jean-sur-Richelieu, le 11 janvier 2023<\/strong> \u2013 NexDev | D\u00e9veloppement \u00e9conomique Haut-Richelieu accueille Francis Granger au sein de son \u00e9quipe \u00e0 titre de coordonnateur, service aux entreprises.<\/p>\n<p>Bachelier en administration des affaires, monsieur Francis Granger a d\u00e9j\u00e0 fait partie de l\u2019\u00e9quipe de NexDev il y a quelques ann\u00e9es ce qui lui assure une grande connaissance de l\u2019organisation, des entreprises et des partenaires. Ayant aussi travaill\u00e9 \u00e0 la Ville de Saint-Jean-sur-Richelieu, en entreprise priv\u00e9e et comme travailleur autonome, il a d\u00e9velopp\u00e9 des comp\u00e9tences en marketing, en finances, en recrutement et en urbanisme appliqu\u00e9 au d\u00e9veloppement \u00e9conomique.<\/p>\n<p>Dans ses nouvelles fonctions chez NexDev, Francis contribuera \u00e0 stimuler l\u2019entrepreneuriat et \u00e0 soutenir la cr\u00e9ation et le d\u00e9veloppement d\u2019entreprises de diff\u00e9rents secteurs \u00e9conomiques dans le Haut-Richelieu. Il accompagnera \u00e9galement les entrepreneurs et partenaires du milieu tout en mobilisant l\u2019\u00e9quipe de conseillers aux entreprises.<\/p>\n<p>\u00ab L\u2019exp\u00e9rience de Francis, sa proactivit\u00e9 et son go\u00fbt d\u2019aller \u00e0 la rencontre des entreprises font de lui le candidat id\u00e9al pour compl\u00e9ter notre \u00e9quipe de conseillers ainsi qu\u2019appuyer le d\u00e9ploiement et le rayonnement des activit\u00e9s du service aux entreprises\u00a0\u00bb, mentionne madame Carole Cardinal, directrice g\u00e9n\u00e9rale NexDev | D\u00e9veloppement \u00e9conomique Haut-Richelieu.<\/p>\n<p>&nbsp;<\/p>\n","protected":false},"excerpt":{"rendered":"<p>Saint-Jean-sur-Richelieu, le 11 janvier 2023 \u2013 NexDev | D\u00e9veloppement \u00e9conomique Haut-Richelieu accueille Francis Granger au sein de son \u00e9quipe \u00e0 [&hellip;]<\/p>\n","protected":false},"author":4,"featured_media":0,"comment_status":"closed","ping_status":"closed","sticky":false,"template":"","format":"standard","meta":{"_acf_changed":false,"_seopress_robots_primary_cat":"none","_seopress_titles_title":"","_seopress_titles_desc":"","_seopress_robots_index":"","footnotes":""},"categories":[52,316],"tags":[],"class_list":["post-11894","post","type-post","status-publish","format-standard","hentry","category-actualite","category-ressources-humaines"],"acf":[],"_links":{"self":[{"href":"https:\/\/nexdev.ca\/en\/wp-json\/wp\/v2\/posts\/11894","targetHints":{"allow":["GET"]}}],"collection":[{"href":"https:\/\/nexdev.ca\/en\/wp-json\/wp\/v2\/posts"}],"about":[{"href":"https:\/\/nexdev.ca\/en\/wp-json\/wp\/v2\/types\/post"}],"author":[{"embeddable":true,"href":"https:\/\/nexdev.ca\/en\/wp-json\/wp\/v2\/users\/4"}],"replies":[{"embeddable":true,"href":"https:\/\/nexdev.ca\/en\/wp-json\/wp\/v2\/comments?post=11894"}],"version-history":[{"count":0,"href":"https:\/\/nexdev.ca\/en\/wp-json\/wp\/v2\/posts\/11894\/revisions"}],"wp:attachment":[{"href":"https:\/\/nexdev.ca\/en\/wp-json\/wp\/v2\/media?parent=11894"}],"wp:term":[{"taxonomy":"category","embeddable":true,"href":"https:\/\/nexdev.ca\/en\/wp-json\/wp\/v2\/categories?post=11894"},{"taxonomy":"post_tag","embeddable":true,"href":"https:\/\/nexdev.ca\/en\/wp-json\/wp\/v2\/tags?post=11894"}],"curies":[{"name":"wp","href":"https:\/\/api.w.org\/{rel}","templated":true}]}}