{"id":12597,"date":"2023-12-18T13:53:47","date_gmt":"2023-12-18T18:53:47","guid":{"rendered":"https:\/\/nexdev.ca\/?p=12597"},"modified":"2024-08-27T12:42:32","modified_gmt":"2024-08-27T16:42:32","slug":"offre-demploi-chez-nexdev-conseillerere-aux-communications","status":"publish","type":"post","link":"https:\/\/nexdev.ca\/en\/offre-demploi-chez-nexdev-conseillerere-aux-communications\/","title":{"rendered":"Offre d&#8217;emploi chez NexDev : Conseiller(\u00e8re) aux communications"},"content":{"rendered":"<p>NexDev recherche la.le meilleur.e conseill\u00e8r.e aux communications. Notre promesse ? Il n&#8217;y aura pas de journ\u00e9e ennuyante. Jeune de c\u0153ur m\u00eame s\u2019il a 42 ans d\u2019histoire, NexDev cherche toujours \u00e0 s\u2019am\u00e9liorer. Notre raison d\u2019\u00eatre? Soutenir ses entreprises, le d\u00e9veloppement \u00e9conomique et faire rayonner la MRC du Haut-Richelieu et ses 14 municipalit\u00e9s, dont Saint-Jean-sur-Richelieu. Comment nous r\u00e9ussissons ? Avec des employ\u00e9s dynamiques que nous soutenons dans la r\u00e9alisation de leur plein potentiel. Notre recette : de belles conditions de travail, du plaisir et de la flexibilit\u00e9.<\/p>\n<p><strong>Principales responsabilit\u00e9s :<\/strong><\/p>\n<p>La.le conseill\u00e8r.e aux communications est strat\u00e9gique, positionne l&#8217;organisme, ses succ\u00e8s et ses projets. Il sait saisir l&#8217;essentiel et le faire valoir.<\/p>\n<ul>\n<li>Contribue activement \u00e0 d\u00e9velopper la visibilit\u00e9 et la notori\u00e9t\u00e9 de l\u2019organisme;<\/li>\n<li>Dirige l\u2019ensemble des activit\u00e9s de communication de l\u2019organisme ;<\/li>\n<li>\u00c9labore et met en \u0153uvre les strat\u00e9gies de communications et d&#8217;image de l&#8217;organisme; propose des outils de communication et en assure leur r\u00e9alisation;<\/li>\n<li>Est responsable de la r\u00e9daction des communiqu\u00e9s de presse, des m\u00e9dias sociaux, de la conception et de la r\u00e9alisation de l\u2019infolettre ainsi que des sites web;<\/li>\n<li>G\u00e8re les fournisseurs externes;<\/li>\n<li>Appui la r\u00e9alisation d&#8217;\u00e9v\u00e9nements occasionnellement;<\/li>\n<li>Participe \u00e0 certains comit\u00e9s o\u00f9 son expertise est mise \u00e0 contribution.<\/li>\n<\/ul>\n<p><strong>Qualit\u00e9s recherch\u00e9es :<\/strong><\/p>\n<ul>\n<li>Formation universitaire de premier cycle en communication ou marketing<\/li>\n<li>Exp\u00e9rience d&#8217;un minimum de 5 ans dans le domaine des communications;<\/li>\n<li>Exp\u00e9rience en relation de presse, m\u00e9dias sociaux et gestion de site web;<\/li>\n<li>Bon esprit de synth\u00e8se et capacit\u00e9 d&#8217;analyse;<\/li>\n<li>Excellente capacit\u00e9 r\u00e9dactionnelle en fran\u00e7ais et id\u00e9alement en anglais;<\/li>\n<li>Faire preuve d&#8217;autonomie, de polyvalence, de rigueur, de cr\u00e9ativit\u00e9 et d\u2019initiative;<\/li>\n<li>Capacit\u00e9 de g\u00e9rer plusieurs dossiers en m\u00eame temps;<\/li>\n<li>Connaissances informatiques : Word, Excel, Internet, Outlook et logiciels d\u2019\u00e9dition;<\/li>\n<li>Connaissances en gestion de plate-forme Web (connaissance de WordPress un atout).<\/li>\n<\/ul>\n<p><strong>Int\u00e9ress\u00e9(e) ?<\/strong><\/p>\n<p>Adressez vos CV accompagn\u00e9s d\u2019une lettre de motivation \u00e0 comte.elodie@nexdev.ca<\/p>\n<p>&nbsp;<\/p>\n","protected":false},"excerpt":{"rendered":"<p>NexDev recherche la.le meilleur.e conseill\u00e8r.e aux communications. Notre promesse ? Il n&#8217;y aura pas de journ\u00e9e ennuyante. Jeune de c\u0153ur [&hellip;]<\/p>\n","protected":false},"author":4,"featured_media":11023,"comment_status":"closed","ping_status":"closed","sticky":false,"template":"","format":"standard","meta":{"_acf_changed":false,"_seopress_robots_primary_cat":"none","_seopress_titles_title":"","_seopress_titles_desc":"","_seopress_robots_index":"","footnotes":""},"categories":[52,350,316],"tags":[],"class_list":["post-12597","post","type-post","status-publish","format-standard","has-post-thumbnail","hentry","category-actualite","category-emploi-nexdev","category-ressources-humaines"],"acf":[],"_links":{"self":[{"href":"https:\/\/nexdev.ca\/en\/wp-json\/wp\/v2\/posts\/12597","targetHints":{"allow":["GET"]}}],"collection":[{"href":"https:\/\/nexdev.ca\/en\/wp-json\/wp\/v2\/posts"}],"about":[{"href":"https:\/\/nexdev.ca\/en\/wp-json\/wp\/v2\/types\/post"}],"author":[{"embeddable":true,"href":"https:\/\/nexdev.ca\/en\/wp-json\/wp\/v2\/users\/4"}],"replies":[{"embeddable":true,"href":"https:\/\/nexdev.ca\/en\/wp-json\/wp\/v2\/comments?post=12597"}],"version-history":[{"count":0,"href":"https:\/\/nexdev.ca\/en\/wp-json\/wp\/v2\/posts\/12597\/revisions"}],"wp:featuredmedia":[{"embeddable":true,"href":"https:\/\/nexdev.ca\/en\/wp-json\/wp\/v2\/media\/11023"}],"wp:attachment":[{"href":"https:\/\/nexdev.ca\/en\/wp-json\/wp\/v2\/media?parent=12597"}],"wp:term":[{"taxonomy":"category","embeddable":true,"href":"https:\/\/nexdev.ca\/en\/wp-json\/wp\/v2\/categories?post=12597"},{"taxonomy":"post_tag","embeddable":true,"href":"https:\/\/nexdev.ca\/en\/wp-json\/wp\/v2\/tags?post=12597"}],"curies":[{"name":"wp","href":"https:\/\/api.w.org\/{rel}","templated":true}]}}