{"id":2675,"date":"2019-09-16T14:58:49","date_gmt":"2019-09-16T18:58:49","guid":{"rendered":"https:\/\/nexdev.ca\/?p=2675"},"modified":"2019-10-22T15:12:52","modified_gmt":"2019-10-22T19:12:52","slug":"portrait-du-dynamisme-entrepreneurial-de-la-monteregie","status":"publish","type":"post","link":"https:\/\/nexdev.ca\/en\/portrait-du-dynamisme-entrepreneurial-de-la-monteregie\/","title":{"rendered":"Portrait du dynamisme entrepreneurial de la Mont\u00e9r\u00e9gie"},"content":{"rendered":"<h2>Les 18-34 ans constituent la rel\u00e8ve entrepreneuriale!<\/h2>\n<p>Saint-Hyacinthe, le 13 septembre 2019\u00a0\u2013 Mont\u00e9r\u00e9gie \u00c9conomique d\u00e9voile aujourd\u2019hui les r\u00e9sultats d\u2019une vaste enqu\u00eate sur le dynamisme entrepreneurial de la Mont\u00e9r\u00e9gie men\u00e9e par la firme L\u00e9ger aupr\u00e8s de\u00a0 5\u00a0528 r\u00e9pondants. <em>\u00ab\u00a0Il s\u2019agit de la premi\u00e8re fois au Qu\u00e9bec qu\u2019une r\u00e9gion r\u00e9alise simultan\u00e9ment le portrait du dynamisme entrepreneurial et celui de chaque MRC constituant sa r\u00e9gion. Chaque rapport fournit de l\u2019information primordiale qui permettra aux agents de d\u00e9veloppement \u00e9conomique de comprendre l\u2019\u00e9volution de l\u2019entrepreneuriat et de prendre des d\u00e9cisions encore plus \u00e9clair\u00e9es pour le futur et la prosp\u00e9rit\u00e9 de l\u2019entrepreneuriat de leur territoire. En Mont\u00e9r\u00e9gie, les jeunes \u00e2g\u00e9s de 18 \u00e0 34 ans apparaissent clairement comme la rel\u00e8ve entrepreneuriale et le groupe aupr\u00e8s de qui nous devons multiplier nos efforts,\u00a0\u00bb<\/em> annonce Mme Joanne Brunet, pr\u00e9sidente du conseil d\u2019administration et directrice g\u00e9n\u00e9rale de D\u00e9veloppement (DEV) Vaudreuil-Soulanges.<\/p>\n<p><strong>Une d\u00e9marche rigoureuse<\/strong><br \/>\nR\u00e9alis\u00e9e entre les mois de d\u00e9cembre 2018 et d\u2019avril 2019 aupr\u00e8s d\u2019un \u00e9chantillon repr\u00e9sentatif de la population adulte de la Mont\u00e9r\u00e9gie, cette enqu\u00eate avait pour objectif de doter l\u2019ensemble de la r\u00e9gion administrative, les 14 municipalit\u00e9s r\u00e9gionales de comt\u00e9s (MRC) et l\u2019agglom\u00e9ration de Longueuil, d\u2019une mesure fiable, coh\u00e9rente et reconnue au Qu\u00e9bec en entrepreneuriat. Le rapport porte un regard sur l\u2019int\u00e9r\u00eat des r\u00e9sidents de la Mont\u00e9r\u00e9gie \u00e0 se lancer en affaires et permet d\u2019obtenir un portrait clair de la sant\u00e9 de la cha\u00eene entrepreneuriale sur le territoire. Il permet \u00e9galement d\u2019analyser une multitude d\u2019indicateurs sur l\u2019\u00e9tat de la culture entrepreneuriale. Les seize portraits ont \u00e9t\u00e9 r\u00e9alis\u00e9s par la firme L\u00e9ger avec l\u2019appui de la Fondation de l\u2019entrepreneurship qui, ensemble, disposent de l\u2019expertise, de la notori\u00e9t\u00e9 et de la cr\u00e9dibilit\u00e9 d\u2019une telle mesure depuis 10 ans au Qu\u00e9bec. Ainsi, chaque territoire de MRC de la Mont\u00e9r\u00e9gie et l\u2019agglom\u00e9ration de Longueuil peuvent d\u00e9sormais comparer leur dynamisme entrepreneurial \u00e0 celui de la Mont\u00e9r\u00e9gie et \u00e0 l\u2019indice entrepreneurial 2018 de l\u2019ensemble du Qu\u00e9bec.<\/p>\n<p><strong>Faits saillants<\/strong><br \/>\n<em>\u00ab\u00a0Bien que les deux premiers indicateurs du dynamisme entrepreneurial de la Mont\u00e9r\u00e9gie se situent en de\u00e7\u00e0 du niveau provincial, le fait qu\u2019une proportion importante de d\u00e9marcheurs pensent devenir propri\u00e9taires dans moins d\u2019un an, est prometteur pour l\u2019avenir de l\u2019entrepreneuriat en Mont\u00e9r\u00e9gie. Les 18 \u00e0 34 ans, qui constituent la rel\u00e8ve entrepreneuriale de la r\u00e9gion, sont \u00e9galement porteurs d\u2019espoir. Ils sont plus nombreux \u00e0 avoir r\u00e9alis\u00e9, au cours de la derni\u00e8re ann\u00e9e, des d\u00e9marches en vue de cr\u00e9er une nouvelle entreprise ou reprendre une entreprise existante. Notons aussi que la culture entrepreneuriale de la Mont\u00e9r\u00e9gie est en sant\u00e9 et les perceptions de l\u2019ensemble de la population \u00e0 l\u2019\u00e9gard de l\u2019entrepreneuriat et des entrepreneurs sont tr\u00e8s favorables et sup\u00e9rieures \u00e0 celles de l\u2019ensemble du Qu\u00e9bec, \u00bb<\/em>\u00a0d\u00e9clare M. Christian Bourque, vice-pr\u00e9sident ex\u00e9cutif et associ\u00e9 chez la firme L\u00e9ger.<\/p>\n<p><strong>De solides partenaires<\/strong><br \/>\nSous le leadership de Mont\u00e9r\u00e9gie \u00c9conomique, ce projet a \u00e9t\u00e9 rendu possible gr\u00e2ce \u00e0 l\u2019appui de partenaires que sont le minist\u00e8re des Affaires municipales et de l\u2019Habitation (MAMH) par le biais du Fonds d\u2019appui au rayonnement des r\u00e9gions (FARR) de la Mont\u00e9r\u00e9gie, le Minist\u00e8re de l\u2019\u00c9conomie et de l\u2019Innovation (MEI) via la Table d\u2019action en entrepreneuriat de la Mont\u00e9r\u00e9gie, le Fonds de 100M$ de Desjardins et la MRC des Maskoutains. S\u2019ajoutent \u00e0 ces partenaires, l\u2019appui obtenu de la Table des pr\u00e9fets de la Mont\u00e9r\u00e9gie et le soutien re\u00e7u des repr\u00e9sentants du MAMH et du MEI tout au long de sa r\u00e9alisation.<\/p>\n<p><em>\u00ab Nous croyons fermement que les entreprises et les entrepreneurs dynamisent les milieux et les font cro\u00eetre et c\u2019est pourquoi que nous avons \u00e9t\u00e9 heureux d\u2019aider Mont\u00e9r\u00e9gie \u00c9conomique \u00e0 r\u00e9aliser cette vaste enqu\u00eate. Ces portraits constituent une source de donn\u00e9es cr\u00e9dibles et fiables sur lesquelles les acteurs du d\u00e9veloppement \u00e9conomique des secteurs concern\u00e9s pourront se baser pour d\u00e9terminer et mettre en place les mesures gagnantes afin de faire varier favorablement certains indices. Ces portraits leur permettront \u00e9galement de savoir quelles sont les forces des milieux sur lesquelles il est avantageux de capitaliser, le tout, au b\u00e9n\u00e9fice des communaut\u00e9s.\u00a0\u00bb<\/em>, a exprim\u00e9 M. Serge Boss\u00e9, directeur g\u00e9n\u00e9ral de la Caisse Desjardins de la R\u00e9gion de Saint-Hyacinthe.<\/p>\n<p><em>\u00ab\u00a0Dans le cadre de son projet de communaut\u00e9 entrepreneuriale Maskoutinc.,\u00a0la MRC est heureuse\u00a0d\u2019avoir initi\u00e9 cette d\u00e9marche indicielle\u00a0qui sera utile \u00e0 l\u2019ensemble de la Mont\u00e9r\u00e9gie. Nous remercions particuli\u00e8rement Desjardins pour son soutien financier et Mont\u00e9r\u00e9gie \u00c9conomique qui a pris le relais, permettant ainsi un rayonnement plus vaste \u00e0 ce nouvel indice entrepreneurial. \u00a0La MRC compte bien l\u2019utiliser chaque 5 ans pour \u00e9valuer les progr\u00e8s qui auront \u00e9t\u00e9 accomplis et les d\u00e9fis \u00e0 relever\u00a0pour assurer le dynamisme \u00e9conomique de son territoire\u00a0\u00bb<\/em>, a mentionn\u00e9 Mme\u00a0Francine\u00a0Morin, pr\u00e9fet de la MRC des Maskoutains.<\/p>\n<p>On peut consulter le Portrait du dynamisme entrepreneurial de la Mont\u00e9r\u00e9gie en cliquant <a href=\"https:\/\/nexdev.ca\/wp-content\/uploads\/2019\/09\/me_15795-001_portrait-du-dynamisme-entrepreneurial-rapport-global_2019-09-12-3.pdf\" target=\"_blank\" rel=\"noopener noreferrer\">ici<\/a>. Mont\u00e9r\u00e9gie \u00c9conomique laisse le soin \u00e0 chaque MRC et \u00e0 l\u2019agglom\u00e9ration de Longueuil de choisir le moment pour d\u00e9voiler le portrait de son territoire.<\/p>\n<p>Mont\u00e9r\u00e9gie \u00c9conomique est le regroupement r\u00e9gional constitu\u00e9 des services ou des organismes de d\u00e9veloppement \u00e9conomique mandataires des 14 MRC ainsi que de l\u2019Agglom\u00e9ration de Longueuil.\u00a0 Nos membres sont les agents de d\u00e9veloppement \u00e9conomique d\u00fbment mandat\u00e9s pour exercer cette comp\u00e9tence.<\/p>\n<p>Source : Charles Fillion, Mont\u00e9r\u00e9gie \u00c9conomique<br \/>\nInformation\u00a0: Joanne Brunet, 450 424-2262 poste 3232<\/p>\n<h2>Documentation<\/h2>\n<ul>\n<li><a href=\"https:\/\/nexdev.ca\/wp-content\/uploads\/2019\/09\/me_communique_13-09-2019.pdf\" target=\"_blank\" rel=\"noopener noreferrer\">Communiqu\u00e9<\/a><\/li>\n<li><a href=\"https:\/\/nexdev.ca\/wp-content\/uploads\/2019\/09\/me_presentation-courte_portrait-du-dynamisme-entrepreneurial-de-la-monteregie_2019-09-12.pdf\" target=\"_blank\" rel=\"noopener noreferrer\">Pr\u00e9sentation courte &#8211; Portrait du dynamisme entrepreneurial de la Mont\u00e9r\u00e9gie<\/a><\/li>\n<li><a href=\"https:\/\/nexdev.ca\/wp-content\/uploads\/2019\/09\/me_15795-001_portrait-du-dynamisme-entrepreneurial-rapport-global_2019-09-12-3.pdf\" target=\"_blank\" rel=\"noopener noreferrer\">Portrait du dynamisme entrepreneurial &#8211; Rapport global<\/a><\/li>\n<li><a href=\"https:\/\/nexdev.ca\/wp-content\/uploads\/2019\/09\/me_15795-001_portrait-du-dynamisme-entrepreneurial-mrc-haut-richelieu_2019-09-11.pdf\" target=\"_blank\" rel=\"noopener noreferrer\">Portrait du dynamisme entrepreneurial &#8211; MRC Haut-Richelieu<\/a><\/li>\n<\/ul>\n","protected":false},"excerpt":{"rendered":"<p>Les 18-34 ans constituent la rel\u00e8ve entrepreneuriale! Saint-Hyacinthe, le 13 septembre 2019\u00a0\u2013 Mont\u00e9r\u00e9gie \u00c9conomique d\u00e9voile aujourd\u2019hui les r\u00e9sultats d\u2019une vaste [&hellip;]<\/p>\n","protected":false},"author":4,"featured_media":0,"comment_status":"closed","ping_status":"closed","sticky":false,"template":"","format":"standard","meta":{"_acf_changed":false,"_seopress_robots_primary_cat":"none","_seopress_titles_title":"","_seopress_titles_desc":"","_seopress_robots_index":"","footnotes":""},"categories":[52],"tags":[],"class_list":["post-2675","post","type-post","status-publish","format-standard","hentry","category-actualite"],"acf":[],"_links":{"self":[{"href":"https:\/\/nexdev.ca\/en\/wp-json\/wp\/v2\/posts\/2675","targetHints":{"allow":["GET"]}}],"collection":[{"href":"https:\/\/nexdev.ca\/en\/wp-json\/wp\/v2\/posts"}],"about":[{"href":"https:\/\/nexdev.ca\/en\/wp-json\/wp\/v2\/types\/post"}],"author":[{"embeddable":true,"href":"https:\/\/nexdev.ca\/en\/wp-json\/wp\/v2\/users\/4"}],"replies":[{"embeddable":true,"href":"https:\/\/nexdev.ca\/en\/wp-json\/wp\/v2\/comments?post=2675"}],"version-history":[{"count":0,"href":"https:\/\/nexdev.ca\/en\/wp-json\/wp\/v2\/posts\/2675\/revisions"}],"wp:attachment":[{"href":"https:\/\/nexdev.ca\/en\/wp-json\/wp\/v2\/media?parent=2675"}],"wp:term":[{"taxonomy":"category","embeddable":true,"href":"https:\/\/nexdev.ca\/en\/wp-json\/wp\/v2\/categories?post=2675"},{"taxonomy":"post_tag","embeddable":true,"href":"https:\/\/nexdev.ca\/en\/wp-json\/wp\/v2\/tags?post=2675"}],"curies":[{"name":"wp","href":"https:\/\/api.w.org\/{rel}","templated":true}]}}