{"id":2700,"date":"2019-09-24T10:31:21","date_gmt":"2019-09-24T14:31:21","guid":{"rendered":"https:\/\/nexdev.ca\/?p=2700"},"modified":"2019-09-24T10:31:21","modified_gmt":"2019-09-24T14:31:21","slug":"le-ministre-jean-boulet-lance-son-plan-daction-pour-la-main-doeuvre","status":"publish","type":"post","link":"https:\/\/nexdev.ca\/en\/le-ministre-jean-boulet-lance-son-plan-daction-pour-la-main-doeuvre\/","title":{"rendered":"Le ministre Jean Boulet lance son plan d&#8217;action pour la main-d&#8217;\u0153uvre"},"content":{"rendered":"<p class=\"meta\">NOUVELLES FOURNIES PAR\u00a0<strong>Cabinet du ministre du Travail, de l&#8217;Emploi et de la Solidarit\u00e9 sociale\u00a0<i class=\"btb bt-long-arrow-right\"><\/i><\/strong><\/p>\n<p>TROIS-RIVI\u00c8RES, QC, le 23 sept. 2019 \/CNW Telbec\/ &#8211; Alors que le nombre de postes vacants au deuxi\u00e8me trimestre de 2019 a atteint un niveau record de plus de 140 000, le ministre du Travail, de l&#8217;Emploi et de la Solidarit\u00e9 sociale et ministre responsable de la r\u00e9gion de la Mauricie, M. Jean Boulet, a lanc\u00e9 officiellement son plan d&#8217;action pour faire face au ph\u00e9nom\u00e8ne de la raret\u00e9 de la main-d&#8217;\u0153uvre ainsi que deux nouvelles initiatives, qui s&#8217;y retrouvent : le Chantier des comp\u00e9tences et Objectif productivit\u00e9.<\/p>\n<p>Il a aussi profit\u00e9 de l&#8217;occasion pour annoncer une nouvelle mesure de pr\u00e8s de 7 millions de dollars destin\u00e9e aux travailleurs exp\u00e9riment\u00e9s ainsi que la r\u00e9affectation de 22 ressources \u00e0 des postes de conseillers aux entreprises dans les bureaux de Services Qu\u00e9bec.<\/p>\n<p><strong>Plan d&#8217;action pour la main-d&#8217;\u0153uvre<\/strong><br \/>\nComme la situation \u00e0 laquelle nous faisons face \u00e9volue constamment, le Plan d&#8217;action pour la main-d&#8217;\u0153uvre (PAMO) se pr\u00e9sente comme un plan de match \u00e9volutif, constitu\u00e9 de l&#8217;ensemble des mesures structurantes li\u00e9es \u00e0 l&#8217;emploi annonc\u00e9es \u00e0 ce jour par le ministre ainsi que des mesures qui s&#8217;ajouteront dans les prochains mois pour r\u00e9pondre aux besoins r\u00e9els du march\u00e9 du travail. Ainsi, en 2019-2020, des investissements de 830 millions de dollars sont actuellement pr\u00e9vus pour les services publics d&#8217;emploi aux individus et de 137 millions pour les services aux entreprises.<\/p>\n<p>En plus, soulignons que 45,2 millions sont d\u00e9di\u00e9s \u00e0 la formation continue et issus des programmes du Fonds de d\u00e9veloppement et de reconnaissance des comp\u00e9tences de la main-d&#8217;\u0153uvre (FDRCMO), qui est sous la responsabilit\u00e9 de la Commission des partenaires du march\u00e9 du travail (CPMT).<\/p>\n<p>Les mesures offertes sont maintenant recens\u00e9es dans une section du site Internet du minist\u00e8re du Travail, de l&#8217;Emploi et de la Solidarit\u00e9 sociale. Les travailleurs, chercheurs d&#8217;emploi et employeurs peuvent y trouver des solutions concr\u00e8tes \u00e0 leurs besoins, gr\u00e2ce \u00e0 une approche dynamique. La section est bonifi\u00e9e avec l&#8217;ajout de nouvelles mesures.<\/p>\n<p>Afin de mobiliser tous les acteurs du march\u00e9 du travail, le ministre a mis en \u0153uvre trois vastes initiatives qui fa\u00e7onnent le PAMO : la Grande corv\u00e9e 2.0 (lanc\u00e9e en mai dernier), le Chantier des comp\u00e9tences et Objectif productivit\u00e9.<\/p>\n<p><strong>Chantier des comp\u00e9tences<\/strong><br \/>\nAlors que 53 % des Qu\u00e9b\u00e9cois ont un faible niveau de litt\u00e9ratie, le Chantier des comp\u00e9tences vise \u00e0 rehausser le savoir-faire du plus grand nombre de personnes. Il a pour objectifs d&#8217;augmenter leurs capacit\u00e9s en litt\u00e9ratie et en num\u00e9ratie, de pourvoir les m\u00e9tiers et professions d&#8217;avenir et de permettre aux travailleurs d&#8217;acc\u00e9der \u00e0 des postes mieux r\u00e9mun\u00e9r\u00e9s.<\/p>\n<p>De l&#8217;information sera diffus\u00e9e afin d&#8217;encourager les jeunes et les personnes sans emploi \u00e0 s&#8217;orienter vers les m\u00e9tiers et professions d&#8217;avenir, notamment vers trois grandes familles o\u00f9 les besoins de main-d&#8217;\u0153uvre sont importants, soit les technologies de l&#8217;information, la sant\u00e9 et le secteur de la gestion, des finances et de l&#8217;administration.<\/p>\n<p>Pour adapter les comp\u00e9tences aux nouvelles r\u00e9alit\u00e9s du march\u00e9 du travail, il est pr\u00e9vu de mettre de l&#8217;avant la formation continue, notamment en offrant des formations permettant aux travailleurs d&#8217;\u00eatre form\u00e9s tout en \u00e9tant r\u00e9mun\u00e9r\u00e9s.<\/p>\n<p>D\u00e9j\u00e0 en action en ce sens, le ministre souligne que les engagements financiers de son minist\u00e8re ont augment\u00e9 de 31 millions de dollars en 2019-2020 pour soutenir les entreprises souhaitant former leur personnel. Ainsi, ce sont plus de 100 millions qui devraient \u00eatre investis pour l&#8217;ann\u00e9e en cours \u00e0 cette fin.<\/p>\n<p><strong>Objectif productivit\u00e9<\/strong><br \/>\nDe plus, le ministre a annonc\u00e9 la mise en \u0153uvre de l&#8217;initiative Objectif productivit\u00e9, qui vise \u00e0 soutenir l&#8217;adaptation des milieux de travail et l&#8217;acc\u00e8s \u00e0 la formation n\u00e9cessaire pour augmenter la productivit\u00e9 au Qu\u00e9bec, afin notamment de compenser la raret\u00e9 de la main-d&#8217;\u0153uvre par une utilisation accrue des nouvelles technologies au sein des entreprises.<\/p>\n<p><strong>Grande corv\u00e9e 2.0 : une nouvelle mesure pour les travailleurs exp\u00e9riment\u00e9s<\/strong><br \/>\nLes initiatives annonc\u00e9es s&#8217;ajoutent \u00e0 la Grande corv\u00e9e 2.0, lanc\u00e9e le 13 mai dernier, qui vise \u00e0 favoriser l&#8217;int\u00e9gration au march\u00e9 du travail des personnes faisant partie des groupes qui y sont sous-repr\u00e9sent\u00e9s, dont les travailleurs exp\u00e9riment\u00e9s, les personnes immigrantes, les personnes handicap\u00e9es et les personnes autochtones.<\/p>\n<p>Le ministre a d&#8217;ailleurs profit\u00e9 du lancement du PAMO pour annoncer des investissements de pr\u00e8s de 7 millions de dollars sur cinq ans pour un nouveau programme de subvention salariale qui soutiendra les entreprises qui embauchent des travailleurs exp\u00e9riment\u00e9s \u00e0 temps partiel. Ainsi, les employeurs pourront obtenir une subvention pouvant atteindre 50 % du salaire vers\u00e9, sans exc\u00e9der le salaire minimum, pendant un maximum de 52 semaines. Cette annonce r\u00e9pond aux besoins exprim\u00e9s sur le terrain de voir les travailleurs exp\u00e9riment\u00e9s prolonger leur carri\u00e8re ou r\u00e9int\u00e9grer le march\u00e9 du travail.<\/p>\n<p><strong>Nouveaux conseillers aux entreprises<\/strong><br \/>\n\u00c9galement, pour soutenir encore davantage les entreprises face \u00e0 la raret\u00e9 de la main-d&#8217;\u0153uvre et pour poursuivre les efforts faits par les 220 conseillers aux entreprises de Services Qu\u00e9bec dans le cadre de la Grande corv\u00e9e, le ministre a proc\u00e9d\u00e9 \u00e0 la r\u00e9affectation de 22 ressources, ce qui permettra de renforcer ses effectifs. Ceci repr\u00e9sente une augmentation de 10 % du nombre de conseillers aux entreprises, pour un total de 242.<\/p>\n<p><strong>Citation :<\/strong><br \/>\n\u00ab Mes \u00e9changes avec les partenaires du march\u00e9 du travail lors de ma tourn\u00e9e m&#8217;ont confirm\u00e9 que nous devons repenser collectivement notre approche du march\u00e9 du travail. Il est primordial que nos travailleuses et nos travailleurs puissent acqu\u00e9rir des comp\u00e9tences pour r\u00e9pondre encore mieux aux nouvelles r\u00e9alit\u00e9s du march\u00e9 du travail et pour augmenter la productivit\u00e9 de nos entreprises. \u00bb &#8211;\u00a0<em>Jean Boulet, ministre du Travail, de l&#8217;Emploi et de la Solidarit\u00e9 sociale et ministre responsable de la r\u00e9gion de la Mauricie<\/em><\/p>\n<p><strong>Faits saillants :<\/strong><\/p>\n<ul>\n<li>Depuis le 4 f\u00e9vrier, le ministre a visit\u00e9 les 17 r\u00e9gions administratives du Qu\u00e9bec, dans le cadre de sa tourn\u00e9e En action pour la main-d&#8217;\u0153uvre, pour entendre les pr\u00e9occupations des acteurs du march\u00e9 du travail devant faire face \u00e0 la raret\u00e9 de la main-d&#8217;\u0153uvre. Ces discussions lui ont permis de mettre en \u0153uvre des solutions au fur et \u00e0 mesure et d&#8217;\u00e9laborer son plan d&#8217;action.<\/li>\n<li>Plusieurs mesures du PAMO sont d\u00e9j\u00e0 offertes, dont les suivantes :\n<ul>\n<li>des mesures visant \u00e0 soutenir le maintien et le retour en emploi des travailleurs exp\u00e9riment\u00e9s, qui repr\u00e9sentent des investissements de 892 millions de dollars sur cinq ans;<\/li>\n<li>la nouvelle Strat\u00e9gie pour l&#8217;int\u00e9gration et le maintien en emploi des personnes handicap\u00e9es 2019-2024, qui repr\u00e9sente un investissement de 238,5 millions sur cinq ans;<\/li>\n<li>une hausse \u00e0 85 % du taux de remboursement des co\u00fbts que supportent les entreprises pour former leur main-d&#8217;\u0153uvre ou r\u00e9organiser le travail apr\u00e8s l&#8217;acquisition d&#8217;une nouvelle technologie pour accro\u00eetre la productivit\u00e9;<\/li>\n<li>des investissements de 20 millions, r\u00e9partis jusqu&#8217;en 2021, pour soutenir financi\u00e8rement les entreprises qui recrutent des travailleurs \u00e9trangers temporaires;<\/li>\n<li>des investissements de 13 millions, r\u00e9partis jusqu&#8217;en 2023, afin d&#8217;aider les membres des Premi\u00e8res Nations et les Inuits \u00e0 int\u00e9grer le march\u00e9 du travail par l&#8217;interm\u00e9diaire des Alliances pour la solidarit\u00e9 et du Programme d&#8217;aide \u00e0 l&#8217;int\u00e9gration en emploi des membres des Premi\u00e8res Nations et des Inuits.<\/li>\n<li>des investissements suppl\u00e9mentaires de 45 millions sur quatre ans pour soutenir les formations de courte dur\u00e9e privil\u00e9giant les stages prioris\u00e9s par la CPMT.<\/li>\n<\/ul>\n<\/li>\n<li>Le <a href=\"https:\/\/www.mtess.gouv.qc.ca\/grands-dossiers\/action_maindoeuvre\/index.asp\" target=\"_blank\" rel=\"noopener noreferrer\">Plan d&#8217;action sur la main-d&#8217;\u0153uvre<\/a> est accessible en ligne.<\/li>\n<li>Les entreprises qui souhaitent obtenir plus d&#8217;information peuvent en tout temps joindre un conseiller aux entreprises du minist\u00e8re du Travail, de l&#8217;Emploi et de la Solidarit\u00e9 sociale au bureau de Services Qu\u00e9bec ou au centre local d&#8217;emploi <a href=\"https:\/\/www.mess.gouv.qc.ca\/services-en-ligne\/centres-locaux-emploi\/localisateur\/services.asp\" target=\"_blank\" rel=\"noopener noreferrer\">le plus pr\u00e8s<\/a>.<br \/>\nSOURCE Cabinet du ministre du Travail, de l&#8217;Emploi et de la Solidarit\u00e9 sociale<\/li>\n<\/ul>\n<p>Renseignements: Source : Caroline d&#8217;Astous, Attach\u00e9e de presse, Cabinet du ministre du Travail, de l&#8217;Emploi et de la Solidarit\u00e9 sociale, et ministre responsable de la r\u00e9gion de la Mauricie, T\u00e9l. : 418 643-9796, T\u00e9l. : 418 803-7563; Renseignements : Relations avec les m\u00e9dias, Direction des communications, Minist\u00e8re du Travail, de l&#8217;Emploi et de la Solidarit\u00e9 sociale<\/p>\n","protected":false},"excerpt":{"rendered":"<p>NOUVELLES FOURNIES PAR\u00a0Cabinet du ministre du Travail, de l&#8217;Emploi et de la Solidarit\u00e9 sociale\u00a0 TROIS-RIVI\u00c8RES, QC, le 23 sept. 2019 [&hellip;]<\/p>\n","protected":false},"author":4,"featured_media":0,"comment_status":"closed","ping_status":"closed","sticky":false,"template":"","format":"standard","meta":{"_acf_changed":false,"_seopress_robots_primary_cat":"none","_seopress_titles_title":"","_seopress_titles_desc":"","_seopress_robots_index":"","footnotes":""},"categories":[52,80],"tags":[],"class_list":["post-2700","post","type-post","status-publish","format-standard","hentry","category-actualite","category-main-doeuvre"],"acf":[],"_links":{"self":[{"href":"https:\/\/nexdev.ca\/en\/wp-json\/wp\/v2\/posts\/2700","targetHints":{"allow":["GET"]}}],"collection":[{"href":"https:\/\/nexdev.ca\/en\/wp-json\/wp\/v2\/posts"}],"about":[{"href":"https:\/\/nexdev.ca\/en\/wp-json\/wp\/v2\/types\/post"}],"author":[{"embeddable":true,"href":"https:\/\/nexdev.ca\/en\/wp-json\/wp\/v2\/users\/4"}],"replies":[{"embeddable":true,"href":"https:\/\/nexdev.ca\/en\/wp-json\/wp\/v2\/comments?post=2700"}],"version-history":[{"count":0,"href":"https:\/\/nexdev.ca\/en\/wp-json\/wp\/v2\/posts\/2700\/revisions"}],"wp:attachment":[{"href":"https:\/\/nexdev.ca\/en\/wp-json\/wp\/v2\/media?parent=2700"}],"wp:term":[{"taxonomy":"category","embeddable":true,"href":"https:\/\/nexdev.ca\/en\/wp-json\/wp\/v2\/categories?post=2700"},{"taxonomy":"post_tag","embeddable":true,"href":"https:\/\/nexdev.ca\/en\/wp-json\/wp\/v2\/tags?post=2700"}],"curies":[{"name":"wp","href":"https:\/\/api.w.org\/{rel}","templated":true}]}}